{"id":546,"date":"2025-01-30T22:02:28","date_gmt":"2025-01-30T21:02:28","guid":{"rendered":"https:\/\/www.erditanc.hu\/?p=546"},"modified":"2025-01-30T22:43:31","modified_gmt":"2025-01-30T21:43:31","slug":"i-erdi-kupa","status":"publish","type":"post","link":"https:\/\/www.erditanc.hu\/index.php\/2025\/01\/30\/i-erdi-kupa\/","title":{"rendered":"I. \u00c9rdi Kupa"},"content":{"rendered":"\n<figure class=\"wp-block-image size-large\"><img fetchpriority=\"high\" decoding=\"async\" width=\"1024\" height=\"576\" src=\"https:\/\/www.erditanc.hu\/wp-content\/uploads\/2025\/01\/I.-ErdiKupa_matrica-Blog-Banner-1024x576.png\" alt=\"\" class=\"wp-image-556\"\/><\/figure>\n\n\n\n<h2 class=\"wp-block-heading\"><b>I. \u00c9rdi Kupa<\/b><\/h2>\n\n\n\n<h3 class=\"wp-block-heading\">\u00daj m\u00e9rf\u00f6ldk\u0151 az \u00e9rdi t\u00e1ncsportban<\/h3>\n\n\n\n<p>Az \u00c9rdi T\u00e1ncsport Egyes\u00fclet els\u0151 alkalommal rendezi meg az I. \u00c9rdi Kupa T\u00e1ncversenyt, amely lehet\u0151s\u00e9get teremt a t\u00e1ncosok sz\u00e1m\u00e1ra, hogy professzion\u00e1lis k\u00f6rnyezetben m\u00e9rj\u00e9k \u00f6ssze tud\u00e1sukat \u00e9s fejl\u0151djenek a versenyt\u00e1nc vil\u00e1g\u00e1ban. Az esem\u00e9ny 2025. febru\u00e1r 2-\u00e1n, vas\u00e1rnap ker\u00fcl megrendez\u00e9sre az \u00c9RD Ar\u00e9n\u00e1ban, amely a megfelel\u0151 technikai adotts\u00e1gaival \u00e9s m\u00e9ret\u00e9vel ide\u00e1lis helysz\u00ednt biztos\u00edt a r\u00e9sztvev\u0151k sz\u00e1m\u00e1ra.<\/p>\n\n\n\n<p>A versenyprogram a szabadid\u0151s t\u00e1ncosok megm\u00e9rettet\u00e9s\u00e9vel indul 9:00-kor, majd 11:00-t\u00f3l az oszt\u00e1lyos versenyek k\u00f6vetkeznek. A k\u00fcl\u00f6nb\u00f6z\u0151 koroszt\u00e1lyok \u00e9s oszt\u00e1lyok sz\u00e1m\u00e1ra ki\u00edrt versenysz\u00e1mok biztos\u00edtj\u00e1k, hogy a kezd\u0151kt\u0151l a legmagasabb versenyoszt\u00e1lyokig minden t\u00e1ncos sz\u00e1m\u00e1ra adott legyen a fejl\u0151d\u00e9s \u00e9s a megm\u00e9rettet\u00e9s lehet\u0151s\u00e9ge. A p\u00e1ros versenyek mellett l\u00e1ny sz\u00f3l\u00f3 kateg\u00f3ri\u00e1k is helyet kapnak, amelyek az egy\u00e9ni t\u00e1nctechnika fejleszt\u00e9s\u00e9t \u00e9s a versenyz\u00e9si rutin megszerz\u00e9s\u00e9t t\u00e1mogatj\u00e1k.<\/p>\n\n\n\n<p>A nevez\u00e9sek az MT\u00e1SZ hivatalos rendszer\u00e9n kereszt\u00fcl t\u00f6rt\u00e9nnek, az el\u0151zetes nevez\u00e9si hat\u00e1rid\u0151 2025. janu\u00e1r 27. 24:00, m\u00edg a helysz\u00edni nevez\u00e9s az adott versenysz\u00e1m el\u0151tt egy \u00f3r\u00e1val z\u00e1rul. A nevez\u00e9si d\u00edjak \u00e9s bel\u00e9p\u0151jegyek az MT\u00e1SZ szab\u00e1lyzat\u00e1nak megfelel\u0151en ker\u00fclnek meg\u00e1llap\u00edt\u00e1sra.<\/p>\n\n\n\n<p>Ez az esem\u00e9ny nem csup\u00e1n egy \u00faj verseny a hazai t\u00e1ncsport napt\u00e1r\u00e1ban, hanem egy olyan kezdem\u00e9nyez\u00e9s, amely c\u00e9lja, hogy \u00c9rd v\u00e1ros\u00e1ban egy hossz\u00fa t\u00e1von is meghat\u00e1roz\u00f3 versenyt\u00e1nc-esem\u00e9nysorozatot ind\u00edtson el. Az \u00c9rdi T\u00e1ncsport Egyes\u00fclet minden versenyz\u0151nek \u00e9s edz\u0151nek eredm\u00e9nyes felk\u00e9sz\u00fcl\u00e9st k\u00edv\u00e1n, \u00e9s szeretettel v\u00e1rja a t\u00e1ncos k\u00f6z\u00f6ss\u00e9get az I. \u00c9rdi Kupa T\u00e1ncversenyen.<\/p>\n\n\n\n<p><br><br><\/p>\n\n\n\n<p><\/p>\n","protected":false},"excerpt":{"rendered":"<p>I. \u00c9rdi Kupa \u00daj m\u00e9rf\u00f6ldk\u0151 az \u00e9rdi t\u00e1ncsportban Az \u00c9rdi T\u00e1ncsport Egyes\u00fclet els\u0151 alkalommal rendezi meg az I. \u00c9rdi Kupa T\u00e1ncversenyt, amely lehet\u0151s\u00e9get teremt a t\u00e1ncosok sz\u00e1m\u00e1ra, hogy professzion\u00e1lis k\u00f6rnyezetben m\u00e9rj\u00e9k \u00f6ssze tud\u00e1sukat \u00e9s fejl\u0151djenek a versenyt\u00e1nc vil\u00e1g\u00e1ban. Az esem\u00e9ny 2025. febru\u00e1r 2-\u00e1n, vas\u00e1rnap ker\u00fcl megrendez\u00e9sre az \u00c9RD Ar\u00e9n\u00e1ban, amely a megfelel\u0151 technikai adotts\u00e1gaival \u00e9s [&hellip;]<\/p>\n","protected":false},"author":2,"featured_media":0,"comment_status":"closed","ping_status":"closed","sticky":false,"template":"","format":"standard","meta":{"footnotes":""},"categories":[11],"tags":[],"class_list":["post-546","post","type-post","status-publish","format-standard","hentry","category-hirek"],"rttpg_featured_image_url":null,"rttpg_author":{"display_name":"Dominika \u00c1gnes","author_link":"https:\/\/www.erditanc.hu\/index.php\/author\/d-agi\/"},"rttpg_comment":0,"rttpg_category":"<a href=\"https:\/\/www.erditanc.hu\/index.php\/category\/hirek\/\" rel=\"category tag\">H\u00edrek<\/a>","rttpg_excerpt":"I. \u00c9rdi Kupa \u00daj m\u00e9rf\u00f6ldk\u0151 az \u00e9rdi t\u00e1ncsportban Az \u00c9rdi T\u00e1ncsport Egyes\u00fclet els\u0151 alkalommal rendezi meg az I. \u00c9rdi Kupa T\u00e1ncversenyt, amely lehet\u0151s\u00e9get teremt a t\u00e1ncosok sz\u00e1m\u00e1ra, hogy professzion\u00e1lis k\u00f6rnyezetben m\u00e9rj\u00e9k \u00f6ssze tud\u00e1sukat \u00e9s fejl\u0151djenek a versenyt\u00e1nc vil\u00e1g\u00e1ban. Az esem\u00e9ny 2025. febru\u00e1r 2-\u00e1n, vas\u00e1rnap ker\u00fcl megrendez\u00e9sre az \u00c9RD Ar\u00e9n\u00e1ban, amely a megfelel\u0151 technikai adotts\u00e1gaival \u00e9s&hellip;","_links":{"self":[{"href":"https:\/\/www.erditanc.hu\/index.php\/wp-json\/wp\/v2\/posts\/546","targetHints":{"allow":["GET"]}}],"collection":[{"href":"https:\/\/www.erditanc.hu\/index.php\/wp-json\/wp\/v2\/posts"}],"about":[{"href":"https:\/\/www.erditanc.hu\/index.php\/wp-json\/wp\/v2\/types\/post"}],"author":[{"embeddable":true,"href":"https:\/\/www.erditanc.hu\/index.php\/wp-json\/wp\/v2\/users\/2"}],"replies":[{"embeddable":true,"href":"https:\/\/www.erditanc.hu\/index.php\/wp-json\/wp\/v2\/comments?post=546"}],"version-history":[{"count":5,"href":"https:\/\/www.erditanc.hu\/index.php\/wp-json\/wp\/v2\/posts\/546\/revisions"}],"predecessor-version":[{"id":557,"href":"https:\/\/www.erditanc.hu\/index.php\/wp-json\/wp\/v2\/posts\/546\/revisions\/557"}],"wp:attachment":[{"href":"https:\/\/www.erditanc.hu\/index.php\/wp-json\/wp\/v2\/media?parent=546"}],"wp:term":[{"taxonomy":"category","embeddable":true,"href":"https:\/\/www.erditanc.hu\/index.php\/wp-json\/wp\/v2\/categories?post=546"},{"taxonomy":"post_tag","embeddable":true,"href":"https:\/\/www.erditanc.hu\/index.php\/wp-json\/wp\/v2\/tags?post=546"}],"curies":[{"name":"wp","href":"https:\/\/api.w.org\/{rel}","templated":true}]}}